{"id":386,"date":"2025-12-15T12:30:26","date_gmt":"2025-12-15T12:30:26","guid":{"rendered":"https:\/\/extrae.it\/?p=386"},"modified":"2025-12-15T11:47:28","modified_gmt":"2025-12-15T11:47:28","slug":"arte-incontra-la-ciucina-outdoor","status":"publish","type":"post","link":"https:\/\/extrae.it\/?p=386","title":{"rendered":"L&#8217;Arte incontra la Cucina Outdoor"},"content":{"rendered":"<div class=\"relative basis-auto flex-col -mb-(--composer-overlap-px) [--composer-overlap-px:55px] grow flex\">\n<div class=\"flex flex-col text-sm @w-xl\/main:pt-header-height\">\n<article class=\"text-token-text-primary w-full focus:outline-none [--shadow-height:45px] has-data-writing-block:pointer-events-none has-data-writing-block:-mt-(--shadow-height) has-data-writing-block:pt-(--shadow-height) [&amp;:has([data-writing-block])&gt;*]:pointer-events-auto [content-visibility:auto] supports-[content-visibility:auto]:[contain-intrinsic-size:auto_100lvh] scroll-mt-[calc(var(--header-height)+min(200px,max(70px,20svh)))]\" dir=\"auto\" tabindex=\"-1\" data-turn-id=\"request-WEB:b2ddc529-c9de-4dae-95b2-7e32299a91bb-0\" data-testid=\"conversation-turn-2\" data-scroll-anchor=\"true\" data-turn=\"assistant\">\n<div class=\"text-base my-auto mx-auto pb-10 [--thread-content-margin:--spacing(4)] @w-sm\/main:[--thread-content-margin:--spacing(6)] @w-lg\/main:[--thread-content-margin:--spacing(16)] px-(--thread-content-margin)\">\n<div class=\"[--thread-content-max-width:40rem] @w-lg\/main:[--thread-content-max-width:48rem] mx-auto max-w-(--thread-content-max-width) flex-1 group\/turn-messages focus-visible:outline-hidden relative flex w-full min-w-0 flex-col agent-turn\" tabindex=\"-1\">\n<div class=\"flex max-w-full flex-col grow\">\n<div class=\"min-h-8 text-message relative flex w-full flex-col items-end gap-2 text-start break-words whitespace-normal [.text-message+&amp;]:mt-1\" dir=\"auto\" data-message-author-role=\"assistant\" data-message-id=\"e109bf1e-bf51-4e9b-a2e2-6667e7b69cda\" data-message-model-slug=\"gpt-5-2\">\n<div class=\"flex w-full flex-col gap-1 empty:hidden first:pt-[1px]\">\n<div class=\"markdown prose dark:prose-invert w-full break-words light markdown-new-styling\">\n<p data-start=\"104\" data-end=\"402\">Nel 2026 prende vita una collaborazione esclusiva tra <strong data-start=\"158\" data-end=\"183\">EXTRA Outdoor Kitchen<\/strong> e l\u2019artista <strong data-start=\"196\" data-end=\"218\">Ludmilla Radchenko<\/strong>, protagonista del panorama <strong data-start=\"246\" data-end=\"277\">tardo Pop Art contemporaneo<\/strong>. Un incontro tra design funzionale e linguaggio artistico, dove l\u2019eccellenza manifatturiera incontra l\u2019espressione creativa.<\/p>\n<p data-start=\"404\" data-end=\"862\">Fulcro del progetto \u00e8 il modello <strong data-start=\"437\" data-end=\"450\">Portofino<\/strong>, icona della collezione <strong>EXTRA<\/strong>, che verr\u00e0 reinterpretato attraverso l\u2019intervento artistico di Ludmilla Radchenko. Nell\u2019arco del 2026 saranno presentate <strong data-start=\"602\" data-end=\"628\">cinque versioni uniche<\/strong> di Portofino, ciascuna caratterizzata dalla personalizzazione delle ante dei moduli MOVE con l\u2019opera dell\u2019artista intitolata <em data-start=\"739\" data-end=\"762\">\u201cI Was Not a Sardine\u201d<\/em>, realizzata in <strong data-start=\"778\" data-end=\"803\">tecnica mista su tela<\/strong> e appositamente adattata al supporto della cucina outdoor.<\/p>\n<p data-start=\"864\" data-end=\"1186\">Ogni versione della collezione <strong>EXTRA<\/strong> in collaborazione con Ludmilla Radchenko sar\u00e0 realizzata in una <strong data-start=\"901\" data-end=\"956\">edizione estremamente limitata di soli 11 esemplari<\/strong>, numerati e non replicabili. A garanzia dell\u2019unicit\u00e0 e del valore dell\u2019opera, ogni cucina sar\u00e0 accompagnata da un <strong data-start=\"1071\" data-end=\"1101\">certificato di autenticit\u00e0<\/strong>, che ne attester\u00e0 l\u2019origine, la serie di appartenenza e la collaborazione artistica.<\/p>\n<p data-start=\"1188\" data-end=\"1443\">Questa partnership rappresenta una visione condivisa: superare i confini tra arte e design, portando l\u2019estetica Pop Art in uno spazio di convivialit\u00e0 e vita quotidiana, dove creativit\u00e0, emozione e funzionalit\u00e0 si fondono in un\u2019esperienza senza precedenti.<\/p>\n<p data-start=\"1188\" data-end=\"1443\">Rimanete in contatto con il sito di EXTRA per avere informazioni dettagliate sulle presentazioni delle serie speciali e seguiteci anche sui principali canali social!<\/p>\n<\/div>\n<\/div>\n<\/div>\n<\/div>\n<\/div>\n<\/div>\n<\/article>\n<\/div>\n<\/div>\n","protected":false},"excerpt":{"rendered":"<p>Nel 2026 prende vita una collaborazione esclusiva tra EXTRA Outdoor Kitchen e l\u2019artista Ludmilla Radchenko, protagonista del panorama tardo Pop Art contemporaneo. Un incontro tra design funzionale e linguaggio artistico, dove l\u2019eccellenza manifatturiera incontra l\u2019espressione creativa.<\/p>\n<p>Fulcro del progetto \u00e8 il modello Portofino, icona della collezione EXTRA, che verr\u00e0 reinterpretato attraverso l\u2019intervento artistico di Ludmilla Radchenko. Nell\u2019arco del 2026 saranno presentate cinque versioni uniche di Portofino, ciascuna caratterizzata da ante dei moduli personalizzate con opere originali dell\u2019artista, trasformando la cucina outdoor in un autentico oggetto d\u2019arte.<\/p>\n","protected":false},"author":1,"featured_media":708,"comment_status":"closed","ping_status":"open","sticky":false,"template":"","format":"standard","meta":{"footnotes":""},"categories":[11],"tags":[17,14,15,18,16],"class_list":["post-386","post","type-post","status-publish","format-standard","has-post-thumbnail","hentry","category-lifestyle","tag-arte","tag-cucina","tag-ludmilla-radchenko","tag-outdoor","tag-portofino"],"_links":{"self":[{"href":"https:\/\/extrae.it\/index.php?rest_route=\/wp\/v2\/posts\/386","targetHints":{"allow":["GET"]}}],"collection":[{"href":"https:\/\/extrae.it\/index.php?rest_route=\/wp\/v2\/posts"}],"about":[{"href":"https:\/\/extrae.it\/index.php?rest_route=\/wp\/v2\/types\/post"}],"author":[{"embeddable":true,"href":"https:\/\/extrae.it\/index.php?rest_route=\/wp\/v2\/users\/1"}],"replies":[{"embeddable":true,"href":"https:\/\/extrae.it\/index.php?rest_route=%2Fwp%2Fv2%2Fcomments&post=386"}],"version-history":[{"count":5,"href":"https:\/\/extrae.it\/index.php?rest_route=\/wp\/v2\/posts\/386\/revisions"}],"predecessor-version":[{"id":717,"href":"https:\/\/extrae.it\/index.php?rest_route=\/wp\/v2\/posts\/386\/revisions\/717"}],"wp:featuredmedia":[{"embeddable":true,"href":"https:\/\/extrae.it\/index.php?rest_route=\/wp\/v2\/media\/708"}],"wp:attachment":[{"href":"https:\/\/extrae.it\/index.php?rest_route=%2Fwp%2Fv2%2Fmedia&parent=386"}],"wp:term":[{"taxonomy":"category","embeddable":true,"href":"https:\/\/extrae.it\/index.php?rest_route=%2Fwp%2Fv2%2Fcategories&post=386"},{"taxonomy":"post_tag","embeddable":true,"href":"https:\/\/extrae.it\/index.php?rest_route=%2Fwp%2Fv2%2Ftags&post=386"}],"curies":[{"name":"wp","href":"https:\/\/api.w.org\/{rel}","templated":true}]}}